{"id":171,"date":"2022-02-01T22:53:46","date_gmt":"2022-02-01T19:53:46","guid":{"rendered":"https:\/\/google.biz.tr\/uguraydin\/?p=171"},"modified":"2022-02-02T23:40:01","modified_gmt":"2022-02-02T20:40:01","slug":"ugur-aydin-adanali-kebapci-2022ye-de-hazir","status":"publish","type":"post","link":"https:\/\/uguraydinky.com.tr\/index.php\/2022\/02\/01\/ugur-aydin-adanali-kebapci-2022ye-de-hazir\/","title":{"rendered":"Adanal\u0131 kebap\u00e7\u0131 2022\u2019ye de haz\u0131r"},"content":{"rendered":"\t\t<div data-elementor-type=\"wp-post\" data-elementor-id=\"171\" class=\"elementor elementor-171\">\n\t\t\t\t\t\t<section class=\"elementor-section elementor-top-section elementor-element elementor-element-acbb6bf elementor-section-boxed elementor-section-height-default elementor-section-height-default\" data-id=\"acbb6bf\" data-element_type=\"section\">\n\t\t\t\t\t\t<div class=\"elementor-container elementor-column-gap-default\">\n\t\t\t\t\t<div class=\"elementor-column elementor-col-100 elementor-top-column elementor-element elementor-element-4aa4ea1\" data-id=\"4aa4ea1\" data-element_type=\"column\">\n\t\t\t<div class=\"elementor-widget-wrap elementor-element-populated\">\n\t\t\t\t\t\t<div class=\"elementor-element elementor-element-be66109 elementor-widget elementor-widget-text-editor\" data-id=\"be66109\" data-element_type=\"widget\" data-widget_type=\"text-editor.default\">\n\t\t\t\t<div class=\"elementor-widget-container\">\n\t\t\t\t\t\t\t\t\t<h2 class=\"post-spot mb-0 pt-2 pb-2\">Adana\u2019da bir kebap\u00e7\u0131 yeni y\u0131l\u0131 yerli otomobilin seri \u00fcretime ge\u00e7mesi planlanan 2022 y\u0131l\u0131na at\u0131fta bulunarak \u2019Ho\u015f geldin 2022\u2019 yaz\u0131l\u0131 et ve pankartlarla kar\u015f\u0131l\u0131yor.Adana\u2019da kebap\u00e7\u0131l\u0131k yapan Ya\u015far Ayd\u0131n ve o\u011flu U\u011fur Ayd\u0131n i\u015f yerlerine \u00fczerinde yerli otomobilin foto\u011fraf\u0131n\u0131n da bulundu\u011fu \u2019Ho\u015f geldin 2022\u2019 yaz\u0131l\u0131 pankart ast\u0131.<\/h2><p>Adana\u2019da bir kebap\u00e7\u0131 yeni y\u0131l\u0131 yerli otomobilin seri \u00fcretime ge\u00e7mesi planlanan 2022 y\u0131l\u0131na at\u0131fta bulunarak \u2019Ho\u015f geldin 2022\u2019 yaz\u0131l\u0131 et ve pankartlarla kar\u015f\u0131l\u0131yor. Adana\u2019da kebap\u00e7\u0131l\u0131k yapan Ya\u015far Ayd\u0131n ve o\u011flu U\u011fur Ayd\u0131n i\u015f yerlerine \u00fczerinde yerli otomobilin foto\u011fraf\u0131n\u0131n da bulundu\u011fu \u2019Ho\u015f geldin 2022\u2019 yaz\u0131l\u0131 pankart ast\u0131. Kebapl\u0131k etlerle de &#8220;Ho\u015f geldin 2022&#8221; yazan Ya\u015far Ayd\u0131n, bu y\u0131l yerli otomobilin seri \u00fcretime ge\u00e7mesi planlanan 2022 y\u0131l\u0131na at\u0131fta bulunup iki y\u0131l daha fazladan atlay\u0131p, bir an \u00f6nce yerli araca kavu\u015fmak istediklerini ifade etti. Kebap\u00e7\u0131 baba o\u011flun bu anlar\u0131 sosyal medyada payla\u015fmas\u0131 be\u011feni ald\u0131.<\/p><p><a href=\"https:\/\/www.mynet.com\/galeri\/adanali-kebapci-2022ye-de-hazir-110106321654\/1\">Haberin Kayna\u011f\u0131<\/a><\/p><div class=\"detail-post-info flex\"><div class=\"post-date col-auto\"><div class=\"d-flex align-items-center justify-content-between  text-gray\"><div class=\"share-box col-12 d-none d-md-flex d-lg-flex mb-4\"><div class=\"share\">\u00a0<\/div><\/div><\/div><\/div><\/div>\t\t\t\t\t\t\t\t<\/div>\n\t\t\t\t<\/div>\n\t\t\t\t\t<\/div>\n\t\t<\/div>\n\t\t\t\t\t<\/div>\n\t\t<\/section>\n\t\t\t\t<\/div>\n\t\t","protected":false},"excerpt":{"rendered":"<p>Adana\u2019da bir kebap\u00e7\u0131 yeni y\u0131l\u0131 yerli otomobilin seri \u00fcretime ge\u00e7mesi planlanan 2022 y\u0131l\u0131na at\u0131fta bulunarak \u2019Ho\u015f geldin 2022\u2019 yaz\u0131l\u0131 et ve pankartlarla kar\u015f\u0131l\u0131yor.Adana\u2019da kebap\u00e7\u0131l\u0131k yapan Ya\u015far Ayd\u0131n ve o\u011flu U\u011fur Ayd\u0131n i\u015f yerlerine \u00fczerinde yerli otomobilin foto\u011fraf\u0131n\u0131n da bulundu\u011fu \u2019Ho\u015f geldin 2022\u2019 yaz\u0131l\u0131 pankart ast\u0131. Adana\u2019da bir kebap\u00e7\u0131 yeni y\u0131l\u0131 yerli otomobilin seri \u00fcretime ge\u00e7mesi [&hellip;]<\/p>\n","protected":false},"author":1,"featured_media":303,"comment_status":"open","ping_status":"open","sticky":false,"template":"","format":"standard","meta":{"footnotes":""},"categories":[1],"tags":[6],"class_list":["post-171","post","type-post","status-publish","format-standard","has-post-thumbnail","hentry","category-genel","tag-ugur-aydin"],"_links":{"self":[{"href":"https:\/\/uguraydinky.com.tr\/index.php\/wp-json\/wp\/v2\/posts\/171","targetHints":{"allow":["GET"]}}],"collection":[{"href":"https:\/\/uguraydinky.com.tr\/index.php\/wp-json\/wp\/v2\/posts"}],"about":[{"href":"https:\/\/uguraydinky.com.tr\/index.php\/wp-json\/wp\/v2\/types\/post"}],"author":[{"embeddable":true,"href":"https:\/\/uguraydinky.com.tr\/index.php\/wp-json\/wp\/v2\/users\/1"}],"replies":[{"embeddable":true,"href":"https:\/\/uguraydinky.com.tr\/index.php\/wp-json\/wp\/v2\/comments?post=171"}],"version-history":[{"count":41,"href":"https:\/\/uguraydinky.com.tr\/index.php\/wp-json\/wp\/v2\/posts\/171\/revisions"}],"predecessor-version":[{"id":364,"href":"https:\/\/uguraydinky.com.tr\/index.php\/wp-json\/wp\/v2\/posts\/171\/revisions\/364"}],"wp:featuredmedia":[{"embeddable":true,"href":"https:\/\/uguraydinky.com.tr\/index.php\/wp-json\/wp\/v2\/media\/303"}],"wp:attachment":[{"href":"https:\/\/uguraydinky.com.tr\/index.php\/wp-json\/wp\/v2\/media?parent=171"}],"wp:term":[{"taxonomy":"category","embeddable":true,"href":"https:\/\/uguraydinky.com.tr\/index.php\/wp-json\/wp\/v2\/categories?post=171"},{"taxonomy":"post_tag","embeddable":true,"href":"https:\/\/uguraydinky.com.tr\/index.php\/wp-json\/wp\/v2\/tags?post=171"}],"curies":[{"name":"wp","href":"https:\/\/api.w.org\/{rel}","templated":true}]}}