{"id":452,"date":"2022-02-03T15:33:40","date_gmt":"2022-02-03T12:33:40","guid":{"rendered":"https:\/\/uguraydinky.com.tr\/?p=452"},"modified":"2022-02-03T15:33:40","modified_gmt":"2022-02-03T12:33:40","slug":"ugur-aydindan-kovid-asisi-olan-ilk-bin-kisiye-adana-kebap-ikrami-bu-uygulamanin-uzerine-tum-adana-asiyi-yaptirir","status":"publish","type":"post","link":"https:\/\/uguraydinky.com.tr\/index.php\/2022\/02\/03\/ugur-aydindan-kovid-asisi-olan-ilk-bin-kisiye-adana-kebap-ikrami-bu-uygulamanin-uzerine-tum-adana-asiyi-yaptirir\/","title":{"rendered":"U\u011fur Ayd\u0131n&#8217;dan Kovid a\u015f\u0131s\u0131 olan ilk bin ki\u015fiye Adana kebap ikram\u0131: &#8216;Bu uygulaman\u0131n \u00fczerine t\u00fcm Adana a\u015f\u0131y\u0131 yapt\u0131r\u0131r&#8217;"},"content":{"rendered":"<p>Adana\u2019da bir kebap\u00e7\u0131 a\u015f\u0131lamaya te\u015fvik i\u00e7in a\u015f\u0131 olup gelen ilk bin ki\u015fiye Adana kebap ikram edece\u011fini duyurdu. Vatanda\u015flar duyurunun ard\u0131ndan a\u015f\u0131lar\u0131n\u0131 olup kebap\u00e7\u0131ya ak\u0131n etti. Koronavir\u00fcsle m\u00fccadele kapsam\u0131nda a\u015f\u0131lama \u00e7al\u0131\u015fmalar\u0131 h\u0131z kesmeden devam ediyor. D\u00fcnyada ise ba\u015fta Asya \u00fclkeleri olmak \u00fczere bir\u00e7ok \u00fclkede a\u015f\u0131 olanlara \u00e7e\u015fitli \u00f6d\u00fcller vaat ediliyor. Adana\u2019da ise bir kebap\u00e7\u0131 a\u015f\u0131laman\u0131n h\u0131zl\u0131 bir \u015fekilde devam etmesi i\u00e7in d\u00fcn ba\u015flatt\u0131\u011f\u0131 kampanya ile Hayat Eve S\u0131\u011far (HES) uygulamas\u0131 \u00fczerinden a\u015f\u0131 oldu\u011funu g\u00f6steren ilk bin ki\u015fiye Adana kebap ikram edece\u011fini duyurdu. Bug\u00fcn ak\u015fama kadar s\u00fcrecek olan kampanyaya \u015fu ana kadar yakla\u015f\u0131k 700 ki\u015fi a\u015f\u0131s\u0131n\u0131 olup kebap yemek i\u00e7in geldi.<\/p>\n<div class=\"article__block\" data-type=\"h2\">\n<h2 class=\"article__h2\">\u2018\u0130nsanlar\u0131n a\u015f\u0131 olmas\u0131n\u0131 bekliyoruz\u2019<\/h2>\n<\/div>\n<div class=\"article__block\" data-type=\"text\">\n<div class=\"article__text\">Kebap\u00e7\u0131 U\u011fur Ayd\u0131n, a\u015f\u0131ya te\u015fvik i\u00e7in b\u00f6yle bir \u00e7al\u0131\u015fma ba\u015flatt\u0131klar\u0131n\u0131 belirterek,<em>\u00a0\u201cKoronavir\u00fcs nedeniyle\u00a0<strong>uzun s\u00fcre paket<\/strong>\u00a0servisle devam ettik. \u015eimdi a\u00e7\u0131ld\u0131k ve a\u015f\u0131lama yap\u0131l\u0131rken de bir katk\u0131m\u0131z, te\u015fvikimiz olsun diyerekten a\u015f\u0131 vurulup gelen ilk bin ki\u015fiye kebap ikram ediyoruz. \u015eu ana kadar 700 ki\u015fi geldi ve onlara\u00a0<strong>\u00fccretsiz kebaplar\u0131n\u0131<\/strong>\u00a0da\u011f\u0131tt\u0131k. \u015eimdiyse geriye kalan insanlar\u0131n tek tek a\u015f\u0131 olmas\u0131n\u0131 bekliyoruz. Biz de a\u015f\u0131lar\u0131m\u0131z\u0131 olduk\u201d<\/em>\u00a0diye konu\u015ftu.<\/div>\n<\/div>\n<div class=\"article__block\" data-type=\"h3\">\n<h3 class=\"article__h2\">\u2018\u0130kram destek i\u00e7in\u2019<\/h3>\n<\/div>\n<div class=\"article__block\" data-type=\"text\">\n<div class=\"article__text\">A\u015f\u0131yla birlikte eski g\u00fcnlere d\u00f6neceklerine inand\u0131klar\u0131n\u0131 s\u00f6yleyen U\u011fur Ayd\u0131n,<em>\u00a0\u201cA\u015f\u0131 \u00e7al\u0131\u015fmas\u0131na\u00a0<strong>her kesim<\/strong>\u00a0destek veriyor. Biz de Adanam\u0131z\u0131 temsil etmek i\u00e7in hem a\u015f\u0131lamaya destek olsun diye kebaplar\u0131m\u0131z\u0131\u00a0<strong>ikram<\/strong>\u00a0edece\u011fiz. Herkesin a\u015f\u0131 olmas\u0131n\u0131, bir an \u00f6nce\u00a0<strong>eski g\u00fcnlerimize<\/strong>\u00a0kavu\u015fmam\u0131z\u0131 istiyorum\u201d<\/em>\u00a0ifadelerini kulland\u0131.<\/div>\n<\/div>\n<div class=\"article__block\" data-type=\"h3\">\n<h3 class=\"article__h2\">\u2018Adana olarak kebaba d\u00fc\u015fk\u00fcnl\u00fc\u011f\u00fcm\u00fcz var, te\u015fvik ama\u00e7l\u0131 g\u00fczel bir uygulama\u2019<\/h3>\n<\/div>\n<div class=\"article__block\" data-type=\"text\">\n<div class=\"article__text\">Kampanyay\u0131 sosyal medyada duyup gelen Selahattin G\u00f6kda\u011f isimli vatanda\u015f,\u00a0<em>\u201cA\u015f\u0131 olanlara kebap \u0131smarlayaca\u011f\u0131z duyurusunu g\u00f6r\u00fcnce biz de a\u015f\u0131m\u0131z\u0131 olup kebap yemeye geldik. Herkesin a\u015f\u0131 olmas\u0131n\u0131\u00a0<strong>tavsiye<\/strong>\u00a0ederim. Bu uygulama \u00e7ok g\u00fczel. Adana olarak zaten\u00a0<strong>kebaba d\u00fc\u015fk\u00fcnl\u00fc\u011f\u00fcm\u00fcz<\/strong>\u00a0var. Herkesi a\u015f\u0131 olmaya da kebap yemeye de bekleriz\u201d<\/em>\u00a0dedi.<\/div>\n<\/div>\n<div><\/div>\n<div>\n<div class=\"article__body\">\n<div class=\"article__block\" data-type=\"text\">\n<div class=\"article__text\">\u0130kinci doz a\u015f\u0131s\u0131n\u0131 olup kebap yemeye gelen Abdurrahman Karaikiz,\u00a0<em>\u201cA\u015f\u0131 olmaya\u00a0<strong>te\u015fvik ama\u00e7l\u0131<\/strong>\u00a0\u00e7ok g\u00fczel bir uygulama olmu\u015f. \u0130kinci dozumu yapt\u0131rd\u0131m. Geldim ben de kebab\u0131m\u0131 yiyorum. Adanal\u0131 i\u00e7in<strong>\u00a0g\u00fczel<\/strong>\u00a0bir uygulama. Bence bu uygulaman\u0131n \u00fczerine t\u00fcm Adana a\u015f\u0131y\u0131 yapt\u0131r\u0131r\u201d<\/em>\u00a0diye konu\u015ftu.<\/div>\n<\/div>\n<\/div>\n<div class=\"article__footer\">\n<div class=\"article__share\">\n<div class=\"article__sharebar\" data-nosnippet=\"\"><\/div>\n<\/div>\n<\/div>\n<\/div>\n<p>Kaynak : https:\/\/tr.sputniknews.com\/20210618\/kovid-asisi-olan-ilk-bin-kisiye-adana-kebap-ikrami-bu-uygulamanin-uzerine-tum-adana-asiyi-yaptirir-1044764426.html<\/p>\n","protected":false},"excerpt":{"rendered":"<p>Adana\u2019da bir kebap\u00e7\u0131 a\u015f\u0131lamaya te\u015fvik i\u00e7in a\u015f\u0131 olup gelen ilk bin ki\u015fiye Adana kebap ikram edece\u011fini duyurdu. Vatanda\u015flar duyurunun ard\u0131ndan a\u015f\u0131lar\u0131n\u0131 olup kebap\u00e7\u0131ya ak\u0131n etti. Koronavir\u00fcsle m\u00fccadele kapsam\u0131nda a\u015f\u0131lama \u00e7al\u0131\u015fmalar\u0131 h\u0131z kesmeden devam ediyor. D\u00fcnyada ise ba\u015fta Asya \u00fclkeleri olmak \u00fczere bir\u00e7ok \u00fclkede a\u015f\u0131 olanlara \u00e7e\u015fitli \u00f6d\u00fcller vaat ediliyor. Adana\u2019da ise bir kebap\u00e7\u0131 a\u015f\u0131laman\u0131n h\u0131zl\u0131 [&hellip;]<\/p>\n","protected":false},"author":1,"featured_media":453,"comment_status":"open","ping_status":"open","sticky":false,"template":"","format":"standard","meta":{"footnotes":""},"categories":[1,9],"tags":[6],"class_list":["post-452","post","type-post","status-publish","format-standard","has-post-thumbnail","hentry","category-genel","category-ugur-aydin","tag-ugur-aydin"],"_links":{"self":[{"href":"https:\/\/uguraydinky.com.tr\/index.php\/wp-json\/wp\/v2\/posts\/452","targetHints":{"allow":["GET"]}}],"collection":[{"href":"https:\/\/uguraydinky.com.tr\/index.php\/wp-json\/wp\/v2\/posts"}],"about":[{"href":"https:\/\/uguraydinky.com.tr\/index.php\/wp-json\/wp\/v2\/types\/post"}],"author":[{"embeddable":true,"href":"https:\/\/uguraydinky.com.tr\/index.php\/wp-json\/wp\/v2\/users\/1"}],"replies":[{"embeddable":true,"href":"https:\/\/uguraydinky.com.tr\/index.php\/wp-json\/wp\/v2\/comments?post=452"}],"version-history":[{"count":1,"href":"https:\/\/uguraydinky.com.tr\/index.php\/wp-json\/wp\/v2\/posts\/452\/revisions"}],"predecessor-version":[{"id":454,"href":"https:\/\/uguraydinky.com.tr\/index.php\/wp-json\/wp\/v2\/posts\/452\/revisions\/454"}],"wp:featuredmedia":[{"embeddable":true,"href":"https:\/\/uguraydinky.com.tr\/index.php\/wp-json\/wp\/v2\/media\/453"}],"wp:attachment":[{"href":"https:\/\/uguraydinky.com.tr\/index.php\/wp-json\/wp\/v2\/media?parent=452"}],"wp:term":[{"taxonomy":"category","embeddable":true,"href":"https:\/\/uguraydinky.com.tr\/index.php\/wp-json\/wp\/v2\/categories?post=452"},{"taxonomy":"post_tag","embeddable":true,"href":"https:\/\/uguraydinky.com.tr\/index.php\/wp-json\/wp\/v2\/tags?post=452"}],"curies":[{"name":"wp","href":"https:\/\/api.w.org\/{rel}","templated":true}]}}